{"id":980,"date":"2025-02-03T09:54:10","date_gmt":"2025-02-03T08:54:10","guid":{"rendered":"https:\/\/newhaven.legal\/?p=980"},"modified":"2025-02-03T10:16:39","modified_gmt":"2025-02-03T09:16:39","slug":"neu-erschienen-kommentierung-zur-mitbestimmung-beim-arbeits-und-gesundheitsschutz","status":"publish","type":"post","link":"https:\/\/newhaven.legal\/en\/newly-published-commentary-on-co-determination-in-occupational-health-and-safety\/","title":{"rendered":"New Publication: Commentary on Co-Determination in Occupational Health and Safety"},"content":{"rendered":"<p>The right of co-determination in occupational health and safety (Section 87 (1) No. 7 BetrVG) is gaining momentum. Works councils are increasingly leveraging it in the context of operational changes. But how far does this right of co-determination extend? <\/p>\n\n\n\n<ul class=\"wp-block-list\">\n<li>Can works councils demand new hires? <\/li>\n\n\n\n<li>Can they enforce minimum staffing levels to protect employees' health \u2013 or, conversely, prevent operational changes? <\/li>\n\n\n\n<li>How far does the right of co-determination under Section 87 (1) No. 7 BetrVG go when it comes to workplace reintegration management? <\/li>\n<\/ul>\n\n\n\n<p>I provide answers to these and other questions in the <a href=\"https:\/\/beck-online.beck.de\/Bcid\/Y-400-W-BECKOGK-G-BETRVG-P-87-Gl-H\" target=\"_blank\" rel=\"noreferrer noopener\">BeckOGK<\/a>, which is now available online.<\/p>\n\n\n\n<p><\/p>","protected":false},"excerpt":{"rendered":"<p>The right of co-determination on occupational health and safety (Section 87 (1) No. 7 BetrVG) is in vogue. Works councils are also making increasing use of it in connection with operational changes. But how far does the right of co-determination extend? I provide answers to these and other questions in BeckOGK, which has now been published online.<\/p>","protected":false},"author":3,"featured_media":879,"comment_status":"closed","ping_status":"closed","sticky":false,"template":"","format":"standard","meta":{"inline_featured_image":false,"footnotes":""},"categories":[1],"tags":[],"blogtype":[5],"class_list":["post-980","post","type-post","status-publish","format-standard","has-post-thumbnail","hentry","category-allgemein","blogtype-neuigkeit"],"yoast_head":"<!-- This site is optimized with the Yoast SEO plugin v24.3 - https:\/\/yoast.com\/wordpress\/plugins\/seo\/ -->\n<title>NEWHAVEN - Aktuelles: Neu erschienen: Kommentierung zur Mitbestimmung beim Arbeits- und Gesundheitsschutz<\/title>\n<meta name=\"robots\" content=\"index, follow, max-snippet:-1, max-image-preview:large, max-video-preview:-1\" \/>\n<link rel=\"canonical\" href=\"https:\/\/newhaven.legal\/en\/newly-published-commentary-on-co-determination-in-occupational-health-and-safety\/\" \/>\n<meta property=\"og:locale\" content=\"en_US\" \/>\n<meta property=\"og:type\" content=\"article\" \/>\n<meta property=\"og:title\" content=\"NEWHAVEN - Aktuelles: Neu erschienen: Kommentierung zur Mitbestimmung beim Arbeits- und Gesundheitsschutz\" \/>\n<meta property=\"og:description\" content=\"Das Mitbestimmungsrecht zum Arbeits- und Gesundheitsschutz (\u00a7&nbsp;87 Abs.&nbsp;1 Nr.&nbsp;7 BetrVG) liegt im Trend. Betriebsr\u00e4te nutzen es verst\u00e4rkt auch im Zusammenhang von Betriebs\u00e4nderungen. Aber wie weit reicht das Mitbestimmungsrecht? Antworten auf diese und andere Fragen gebe ich im BeckOGK, der nun online erschienen ist.\" \/>\n<meta property=\"og:url\" content=\"https:\/\/newhaven.legal\/en\/newly-published-commentary-on-co-determination-in-occupational-health-and-safety\/\" \/>\n<meta property=\"og:site_name\" content=\"NEWHAVEN\" \/>\n<meta property=\"article:published_time\" content=\"2025-02-03T08:54:10+00:00\" \/>\n<meta property=\"article:modified_time\" content=\"2025-02-03T09:16:39+00:00\" \/>\n<meta property=\"og:image\" content=\"https:\/\/newhaven.legal\/wp-content\/uploads\/nh-sharepic.webp\" \/>\n\t<meta property=\"og:image:width\" content=\"545\" \/>\n\t<meta property=\"og:image:height\" content=\"339\" \/>\n\t<meta property=\"og:image:type\" content=\"image\/webp\" \/>\n<meta name=\"author\" content=\"annekathrinbertke\" \/>\n<meta name=\"twitter:card\" content=\"summary_large_image\" \/>\n<meta name=\"twitter:label1\" content=\"Written by\" \/>\n\t<meta name=\"twitter:data1\" content=\"annekathrinbertke\" \/>\n\t<meta name=\"twitter:label2\" content=\"Est. reading time\" \/>\n\t<meta name=\"twitter:data2\" content=\"1 minute\" \/>\n<script type=\"application\/ld+json\" class=\"yoast-schema-graph\">{\"@context\":\"https:\/\/schema.org\",\"@graph\":[{\"@type\":\"Article\",\"@id\":\"https:\/\/newhaven.legal\/neu-erschienen-kommentierung-zur-mitbestimmung-beim-arbeits-und-gesundheitsschutz\/#article\",\"isPartOf\":{\"@id\":\"https:\/\/newhaven.legal\/neu-erschienen-kommentierung-zur-mitbestimmung-beim-arbeits-und-gesundheitsschutz\/\"},\"author\":{\"name\":\"annekathrinbertke\",\"@id\":\"https:\/\/newhaven.legal\/#\/schema\/person\/7dca3bc8128fee46fec3ad0821aeb6d3\"},\"headline\":\"Neu erschienen: Kommentierung zur Mitbestimmung beim Arbeits- und Gesundheitsschutz\",\"datePublished\":\"2025-02-03T08:54:10+00:00\",\"dateModified\":\"2025-02-03T09:16:39+00:00\",\"mainEntityOfPage\":{\"@id\":\"https:\/\/newhaven.legal\/neu-erschienen-kommentierung-zur-mitbestimmung-beim-arbeits-und-gesundheitsschutz\/\"},\"wordCount\":99,\"publisher\":{\"@id\":\"https:\/\/newhaven.legal\/#organization\"},\"image\":{\"@id\":\"https:\/\/newhaven.legal\/neu-erschienen-kommentierung-zur-mitbestimmung-beim-arbeits-und-gesundheitsschutz\/#primaryimage\"},\"thumbnailUrl\":\"https:\/\/newhaven.legal\/wp-content\/uploads\/nh-sharepic.webp\",\"articleSection\":[\"Allgemein\"],\"inLanguage\":\"en-US\"},{\"@type\":\"WebPage\",\"@id\":\"https:\/\/newhaven.legal\/neu-erschienen-kommentierung-zur-mitbestimmung-beim-arbeits-und-gesundheitsschutz\/\",\"url\":\"https:\/\/newhaven.legal\/neu-erschienen-kommentierung-zur-mitbestimmung-beim-arbeits-und-gesundheitsschutz\/\",\"name\":\"NEWHAVEN - Aktuelles: Neu erschienen: Kommentierung zur Mitbestimmung beim Arbeits- und Gesundheitsschutz\",\"isPartOf\":{\"@id\":\"https:\/\/newhaven.legal\/#website\"},\"primaryImageOfPage\":{\"@id\":\"https:\/\/newhaven.legal\/neu-erschienen-kommentierung-zur-mitbestimmung-beim-arbeits-und-gesundheitsschutz\/#primaryimage\"},\"image\":{\"@id\":\"https:\/\/newhaven.legal\/neu-erschienen-kommentierung-zur-mitbestimmung-beim-arbeits-und-gesundheitsschutz\/#primaryimage\"},\"thumbnailUrl\":\"https:\/\/newhaven.legal\/wp-content\/uploads\/nh-sharepic.webp\",\"datePublished\":\"2025-02-03T08:54:10+00:00\",\"dateModified\":\"2025-02-03T09:16:39+00:00\",\"breadcrumb\":{\"@id\":\"https:\/\/newhaven.legal\/neu-erschienen-kommentierung-zur-mitbestimmung-beim-arbeits-und-gesundheitsschutz\/#breadcrumb\"},\"inLanguage\":\"en-US\",\"potentialAction\":[{\"@type\":\"ReadAction\",\"target\":[\"https:\/\/newhaven.legal\/neu-erschienen-kommentierung-zur-mitbestimmung-beim-arbeits-und-gesundheitsschutz\/\"]}]},{\"@type\":\"ImageObject\",\"inLanguage\":\"en-US\",\"@id\":\"https:\/\/newhaven.legal\/neu-erschienen-kommentierung-zur-mitbestimmung-beim-arbeits-und-gesundheitsschutz\/#primaryimage\",\"url\":\"https:\/\/newhaven.legal\/wp-content\/uploads\/nh-sharepic.webp\",\"contentUrl\":\"https:\/\/newhaven.legal\/wp-content\/uploads\/nh-sharepic.webp\",\"width\":545,\"height\":339},{\"@type\":\"BreadcrumbList\",\"@id\":\"https:\/\/newhaven.legal\/neu-erschienen-kommentierung-zur-mitbestimmung-beim-arbeits-und-gesundheitsschutz\/#breadcrumb\",\"itemListElement\":[{\"@type\":\"ListItem\",\"position\":1,\"name\":\"NEWHAVEN\",\"item\":\"https:\/\/newhaven.legal\/\"},{\"@type\":\"ListItem\",\"position\":2,\"name\":\"Neu erschienen: Kommentierung zur Mitbestimmung beim Arbeits- und Gesundheitsschutz\"}]},{\"@type\":\"WebSite\",\"@id\":\"https:\/\/newhaven.legal\/#website\",\"url\":\"https:\/\/newhaven.legal\/\",\"name\":\"NEWHAVEN\",\"description\":\"Your course to success.\",\"publisher\":{\"@id\":\"https:\/\/newhaven.legal\/#organization\"},\"potentialAction\":[{\"@type\":\"SearchAction\",\"target\":{\"@type\":\"EntryPoint\",\"urlTemplate\":\"https:\/\/newhaven.legal\/?s={search_term_string}\"},\"query-input\":{\"@type\":\"PropertyValueSpecification\",\"valueRequired\":true,\"valueName\":\"search_term_string\"}}],\"inLanguage\":\"en-US\"},{\"@type\":\"Organization\",\"@id\":\"https:\/\/newhaven.legal\/#organization\",\"name\":\"NEWHAVEN\",\"url\":\"https:\/\/newhaven.legal\/\",\"logo\":{\"@type\":\"ImageObject\",\"inLanguage\":\"en-US\",\"@id\":\"https:\/\/newhaven.legal\/#\/schema\/logo\/image\/\",\"url\":\"https:\/\/newhaven.legal\/wp-content\/uploads\/newhaven_ico.svg\",\"contentUrl\":\"https:\/\/newhaven.legal\/wp-content\/uploads\/newhaven_ico.svg\",\"width\":88,\"height\":88,\"caption\":\"NEWHAVEN\"},\"image\":{\"@id\":\"https:\/\/newhaven.legal\/#\/schema\/logo\/image\/\"}},{\"@type\":\"Person\",\"@id\":\"https:\/\/newhaven.legal\/#\/schema\/person\/7dca3bc8128fee46fec3ad0821aeb6d3\",\"name\":\"annekathrinbertke\"}]}<\/script>\n<!-- \/ Yoast SEO plugin. -->","yoast_head_json":{"title":"NEWHAVEN - Aktuelles: Neu erschienen: Kommentierung zur Mitbestimmung beim Arbeits- und Gesundheitsschutz","robots":{"index":"index","follow":"follow","max-snippet":"max-snippet:-1","max-image-preview":"max-image-preview:large","max-video-preview":"max-video-preview:-1"},"canonical":"https:\/\/newhaven.legal\/en\/newly-published-commentary-on-co-determination-in-occupational-health-and-safety\/","og_locale":"en_US","og_type":"article","og_title":"NEWHAVEN - Aktuelles: Neu erschienen: Kommentierung zur Mitbestimmung beim Arbeits- und Gesundheitsschutz","og_description":"Das Mitbestimmungsrecht zum Arbeits- und Gesundheitsschutz (\u00a7&nbsp;87 Abs.&nbsp;1 Nr.&nbsp;7 BetrVG) liegt im Trend. Betriebsr\u00e4te nutzen es verst\u00e4rkt auch im Zusammenhang von Betriebs\u00e4nderungen. Aber wie weit reicht das Mitbestimmungsrecht? Antworten auf diese und andere Fragen gebe ich im BeckOGK, der nun online erschienen ist.","og_url":"https:\/\/newhaven.legal\/en\/newly-published-commentary-on-co-determination-in-occupational-health-and-safety\/","og_site_name":"NEWHAVEN","article_published_time":"2025-02-03T08:54:10+00:00","article_modified_time":"2025-02-03T09:16:39+00:00","og_image":[{"width":545,"height":339,"url":"https:\/\/newhaven.legal\/wp-content\/uploads\/nh-sharepic.webp","type":"image\/webp"}],"author":"annekathrinbertke","twitter_card":"summary_large_image","twitter_misc":{"Written by":"annekathrinbertke","Est. reading time":"1 minute"},"schema":{"@context":"https:\/\/schema.org","@graph":[{"@type":"Article","@id":"https:\/\/newhaven.legal\/neu-erschienen-kommentierung-zur-mitbestimmung-beim-arbeits-und-gesundheitsschutz\/#article","isPartOf":{"@id":"https:\/\/newhaven.legal\/neu-erschienen-kommentierung-zur-mitbestimmung-beim-arbeits-und-gesundheitsschutz\/"},"author":{"name":"annekathrinbertke","@id":"https:\/\/newhaven.legal\/#\/schema\/person\/7dca3bc8128fee46fec3ad0821aeb6d3"},"headline":"Neu erschienen: Kommentierung zur Mitbestimmung beim Arbeits- und Gesundheitsschutz","datePublished":"2025-02-03T08:54:10+00:00","dateModified":"2025-02-03T09:16:39+00:00","mainEntityOfPage":{"@id":"https:\/\/newhaven.legal\/neu-erschienen-kommentierung-zur-mitbestimmung-beim-arbeits-und-gesundheitsschutz\/"},"wordCount":99,"publisher":{"@id":"https:\/\/newhaven.legal\/#organization"},"image":{"@id":"https:\/\/newhaven.legal\/neu-erschienen-kommentierung-zur-mitbestimmung-beim-arbeits-und-gesundheitsschutz\/#primaryimage"},"thumbnailUrl":"https:\/\/newhaven.legal\/wp-content\/uploads\/nh-sharepic.webp","articleSection":["Allgemein"],"inLanguage":"en-US"},{"@type":"WebPage","@id":"https:\/\/newhaven.legal\/neu-erschienen-kommentierung-zur-mitbestimmung-beim-arbeits-und-gesundheitsschutz\/","url":"https:\/\/newhaven.legal\/neu-erschienen-kommentierung-zur-mitbestimmung-beim-arbeits-und-gesundheitsschutz\/","name":"NEWHAVEN - Aktuelles: Neu erschienen: Kommentierung zur Mitbestimmung beim Arbeits- und Gesundheitsschutz","isPartOf":{"@id":"https:\/\/newhaven.legal\/#website"},"primaryImageOfPage":{"@id":"https:\/\/newhaven.legal\/neu-erschienen-kommentierung-zur-mitbestimmung-beim-arbeits-und-gesundheitsschutz\/#primaryimage"},"image":{"@id":"https:\/\/newhaven.legal\/neu-erschienen-kommentierung-zur-mitbestimmung-beim-arbeits-und-gesundheitsschutz\/#primaryimage"},"thumbnailUrl":"https:\/\/newhaven.legal\/wp-content\/uploads\/nh-sharepic.webp","datePublished":"2025-02-03T08:54:10+00:00","dateModified":"2025-02-03T09:16:39+00:00","breadcrumb":{"@id":"https:\/\/newhaven.legal\/neu-erschienen-kommentierung-zur-mitbestimmung-beim-arbeits-und-gesundheitsschutz\/#breadcrumb"},"inLanguage":"en-US","potentialAction":[{"@type":"ReadAction","target":["https:\/\/newhaven.legal\/neu-erschienen-kommentierung-zur-mitbestimmung-beim-arbeits-und-gesundheitsschutz\/"]}]},{"@type":"ImageObject","inLanguage":"en-US","@id":"https:\/\/newhaven.legal\/neu-erschienen-kommentierung-zur-mitbestimmung-beim-arbeits-und-gesundheitsschutz\/#primaryimage","url":"https:\/\/newhaven.legal\/wp-content\/uploads\/nh-sharepic.webp","contentUrl":"https:\/\/newhaven.legal\/wp-content\/uploads\/nh-sharepic.webp","width":545,"height":339},{"@type":"BreadcrumbList","@id":"https:\/\/newhaven.legal\/neu-erschienen-kommentierung-zur-mitbestimmung-beim-arbeits-und-gesundheitsschutz\/#breadcrumb","itemListElement":[{"@type":"ListItem","position":1,"name":"NEWHAVEN","item":"https:\/\/newhaven.legal\/"},{"@type":"ListItem","position":2,"name":"Neu erschienen: Kommentierung zur Mitbestimmung beim Arbeits- und Gesundheitsschutz"}]},{"@type":"WebSite","@id":"https:\/\/newhaven.legal\/#website","url":"https:\/\/newhaven.legal\/","name":"NEWHAVEN","description":"Your course to success.","publisher":{"@id":"https:\/\/newhaven.legal\/#organization"},"potentialAction":[{"@type":"SearchAction","target":{"@type":"EntryPoint","urlTemplate":"https:\/\/newhaven.legal\/?s={search_term_string}"},"query-input":{"@type":"PropertyValueSpecification","valueRequired":true,"valueName":"search_term_string"}}],"inLanguage":"en-US"},{"@type":"Organization","@id":"https:\/\/newhaven.legal\/#organization","name":"NEWHAVEN","url":"https:\/\/newhaven.legal\/","logo":{"@type":"ImageObject","inLanguage":"en-US","@id":"https:\/\/newhaven.legal\/#\/schema\/logo\/image\/","url":"https:\/\/newhaven.legal\/wp-content\/uploads\/newhaven_ico.svg","contentUrl":"https:\/\/newhaven.legal\/wp-content\/uploads\/newhaven_ico.svg","width":88,"height":88,"caption":"NEWHAVEN"},"image":{"@id":"https:\/\/newhaven.legal\/#\/schema\/logo\/image\/"}},{"@type":"Person","@id":"https:\/\/newhaven.legal\/#\/schema\/person\/7dca3bc8128fee46fec3ad0821aeb6d3","name":"annekathrinbertke"}]}},"acf":[],"_links":{"self":[{"href":"https:\/\/newhaven.legal\/en\/wp-json\/wp\/v2\/posts\/980","targetHints":{"allow":["GET"]}}],"collection":[{"href":"https:\/\/newhaven.legal\/en\/wp-json\/wp\/v2\/posts"}],"about":[{"href":"https:\/\/newhaven.legal\/en\/wp-json\/wp\/v2\/types\/post"}],"author":[{"embeddable":true,"href":"https:\/\/newhaven.legal\/en\/wp-json\/wp\/v2\/users\/3"}],"replies":[{"embeddable":true,"href":"https:\/\/newhaven.legal\/en\/wp-json\/wp\/v2\/comments?post=980"}],"version-history":[{"count":3,"href":"https:\/\/newhaven.legal\/en\/wp-json\/wp\/v2\/posts\/980\/revisions"}],"predecessor-version":[{"id":985,"href":"https:\/\/newhaven.legal\/en\/wp-json\/wp\/v2\/posts\/980\/revisions\/985"}],"wp:featuredmedia":[{"embeddable":true,"href":"https:\/\/newhaven.legal\/en\/wp-json\/wp\/v2\/media\/879"}],"wp:attachment":[{"href":"https:\/\/newhaven.legal\/en\/wp-json\/wp\/v2\/media?parent=980"}],"wp:term":[{"taxonomy":"category","embeddable":true,"href":"https:\/\/newhaven.legal\/en\/wp-json\/wp\/v2\/categories?post=980"},{"taxonomy":"post_tag","embeddable":true,"href":"https:\/\/newhaven.legal\/en\/wp-json\/wp\/v2\/tags?post=980"},{"taxonomy":"blogtype","embeddable":true,"href":"https:\/\/newhaven.legal\/en\/wp-json\/wp\/v2\/blogtype?post=980"}],"curies":[{"name":"wp","href":"https:\/\/api.w.org\/{rel}","templated":true}]}}